{"id":36066,"date":"2024-03-31T11:27:41","date_gmt":"2024-03-31T11:27:41","guid":{"rendered":"https:\/\/berlindesignweek.com\/?p=36066"},"modified":"2024-08-14T14:52:23","modified_gmt":"2024-08-14T14:52:23","slug":"nina-mrsnik-and-ivana-blaz","status":"publish","type":"post","link":"https:\/\/berlindesignweek.com\/en\/nina-mrsnik-and-ivana-blaz\/","title":{"rendered":"Nina Mr\u0161nik and Ivana Bla\u017e"},"content":{"rendered":"<p>Kobeiagi Kilims was founded by Ivana Bla\u017e and Nina Mr\u0161nik, an architect from Bosnia and a designer and illustrator from Slovenia.<\/p>\n<p>We want to open a new chapter in the revival of the Bosnian kilim\u2019s popularity because we believe that it&#8217;s high quality, combined with a freshened and unique design, enables the kilim to rise above the huge supply of cheap carpets of mass production.<\/p>\n","protected":false},"excerpt":{"rendered":"<p>Ceo<\/p>\n","protected":false},"author":4,"featured_media":35248,"comment_status":"closed","ping_status":"closed","sticky":false,"template":"elementor_theme","format":"standard","meta":{"footnotes":""},"categories":[652],"tags":[785],"art":[556],"datum":[565,566,567,568],"designfeld":[],"land":[592],"location":[696],"sprache":[510],"class_list":["post-36066","post","type-post","status-publish","format-standard","has-post-thumbnail","hentry","category-further","tag-next-2024-en","art-speaker-en","datum-15-05-en","datum-16-05-en","datum-17-05-en","datum-18-05-en","land-slovenia","location-kunstgewerbemuseum-berlin-en","sprache-en"],"_links":{"self":[{"href":"https:\/\/berlindesignweek.com\/en\/wp-json\/wp\/v2\/posts\/36066","targetHints":{"allow":["GET"]}}],"collection":[{"href":"https:\/\/berlindesignweek.com\/en\/wp-json\/wp\/v2\/posts"}],"about":[{"href":"https:\/\/berlindesignweek.com\/en\/wp-json\/wp\/v2\/types\/post"}],"author":[{"embeddable":true,"href":"https:\/\/berlindesignweek.com\/en\/wp-json\/wp\/v2\/users\/4"}],"replies":[{"embeddable":true,"href":"https:\/\/berlindesignweek.com\/en\/wp-json\/wp\/v2\/comments?post=36066"}],"version-history":[{"count":0,"href":"https:\/\/berlindesignweek.com\/en\/wp-json\/wp\/v2\/posts\/36066\/revisions"}],"wp:featuredmedia":[{"embeddable":true,"href":"https:\/\/berlindesignweek.com\/en\/wp-json\/wp\/v2\/media\/35248"}],"wp:attachment":[{"href":"https:\/\/berlindesignweek.com\/en\/wp-json\/wp\/v2\/media?parent=36066"}],"wp:term":[{"taxonomy":"category","embeddable":true,"href":"https:\/\/berlindesignweek.com\/en\/wp-json\/wp\/v2\/categories?post=36066"},{"taxonomy":"post_tag","embeddable":true,"href":"https:\/\/berlindesignweek.com\/en\/wp-json\/wp\/v2\/tags?post=36066"},{"taxonomy":"art","embeddable":true,"href":"https:\/\/berlindesignweek.com\/en\/wp-json\/wp\/v2\/art?post=36066"},{"taxonomy":"datum","embeddable":true,"href":"https:\/\/berlindesignweek.com\/en\/wp-json\/wp\/v2\/datum?post=36066"},{"taxonomy":"designfeld","embeddable":true,"href":"https:\/\/berlindesignweek.com\/en\/wp-json\/wp\/v2\/designfeld?post=36066"},{"taxonomy":"land","embeddable":true,"href":"https:\/\/berlindesignweek.com\/en\/wp-json\/wp\/v2\/land?post=36066"},{"taxonomy":"location","embeddable":true,"href":"https:\/\/berlindesignweek.com\/en\/wp-json\/wp\/v2\/location?post=36066"},{"taxonomy":"sprache","embeddable":true,"href":"https:\/\/berlindesignweek.com\/en\/wp-json\/wp\/v2\/sprache?post=36066"}],"curies":[{"name":"wp","href":"https:\/\/api.w.org\/{rel}","templated":true}]}}