{"id":36230,"date":"2024-04-01T15:50:49","date_gmt":"2024-04-01T15:50:49","guid":{"rendered":"https:\/\/berlindesignweek.com\/deine-stadt\/"},"modified":"2024-08-14T14:52:23","modified_gmt":"2024-08-14T14:52:23","slug":"deine-stadt","status":"publish","type":"post","link":"https:\/\/berlindesignweek.com\/en\/deine-stadt\/","title":{"rendered":"Deine Stadt"},"content":{"rendered":"<p>Wem geh\u00f6rt die Stadt? &#8216;Deine Stadt&#8217; ist ein Informationsgrafik-Projekt \u00fcber die Verteilung des \u00f6ffentlichen Raums und die Verh\u00e4ltnism\u00e4\u00dfigkeit von Statistik. In f\u00fcnf gemalten Grafiken zieht die Designerin Stephanie Kneissl R\u00fcckschl\u00fcsse \u00fcber die Nutzung von Stra\u00dfen und die Dominanz von Autos in ihrer Heimatstadt Wien.<br \/>\nAutos dominieren unsere Stra\u00dfen, das ist kein Gef\u00fchl, sondern Fakt: In Wien kommen in manchen Stadtteilen 11,5 Parkpl\u00e4tze auf einen Baum. Eine Person lebt durchschnittlich auf 38qm Wohnraum, also circa drei Parkpl\u00e4tzen. Man kann einen Parkplatz f\u00fcr 10 Euro im Monat mieten, also 12,5 qm \u00f6ffentlichen Raum f\u00fcr ein einziges Auto blockieren. Alle Parkpl\u00e4tze zusammen k\u00f6nnten der gr\u00f6\u00dfte Park Wiens sein. Manchmal muss man etwas sehen, um zu verstehen: Es ist Zeit, die Stadt zur\u00fcckzuerobern<\/p>\n","protected":false},"excerpt":{"rendered":"<p>Wem geh\u00f6rt die Stadt? &#8216;Deine Stadt&#8217; ist ein Informationsgrafik-Projekt \u00fcber die Verteilung des \u00f6ffentlichen Raums und die Verh\u00e4ltnism\u00e4\u00dfigkeit von Statistik. In f\u00fcnf gemalten Grafiken zieht die Designerin Stephanie Kneissl R\u00fcckschl\u00fcsse \u00fcber die Nutzung von Stra\u00dfen und die Dominanz von Autos in ihrer Heimatstadt Wien. Autos dominieren unsere Stra\u00dfen, das ist kein Gef\u00fchl, sondern Fakt: In [&hellip;]<\/p>\n","protected":false},"author":1,"featured_media":36159,"comment_status":"closed","ping_status":"closed","sticky":false,"template":"elementor_theme","format":"standard","meta":{"footnotes":""},"categories":[652],"tags":[785],"art":[419],"datum":[565,566,567,568],"designfeld":[440,456,449],"land":[594],"location":[696],"sprache":[510],"class_list":["post-36230","post","type-post","status-publish","format-standard","has-post-thumbnail","hentry","category-further","tag-next-2024-en","art-exhibition","datum-15-05-en","datum-16-05-en","datum-17-05-en","datum-18-05-en","designfeld-architecture","designfeld-graphic","designfeld-mobility_en","land-austria","location-kunstgewerbemuseum-berlin-en","sprache-en"],"_links":{"self":[{"href":"https:\/\/berlindesignweek.com\/en\/wp-json\/wp\/v2\/posts\/36230","targetHints":{"allow":["GET"]}}],"collection":[{"href":"https:\/\/berlindesignweek.com\/en\/wp-json\/wp\/v2\/posts"}],"about":[{"href":"https:\/\/berlindesignweek.com\/en\/wp-json\/wp\/v2\/types\/post"}],"author":[{"embeddable":true,"href":"https:\/\/berlindesignweek.com\/en\/wp-json\/wp\/v2\/users\/1"}],"replies":[{"embeddable":true,"href":"https:\/\/berlindesignweek.com\/en\/wp-json\/wp\/v2\/comments?post=36230"}],"version-history":[{"count":0,"href":"https:\/\/berlindesignweek.com\/en\/wp-json\/wp\/v2\/posts\/36230\/revisions"}],"wp:featuredmedia":[{"embeddable":true,"href":"https:\/\/berlindesignweek.com\/en\/wp-json\/wp\/v2\/media\/36159"}],"wp:attachment":[{"href":"https:\/\/berlindesignweek.com\/en\/wp-json\/wp\/v2\/media?parent=36230"}],"wp:term":[{"taxonomy":"category","embeddable":true,"href":"https:\/\/berlindesignweek.com\/en\/wp-json\/wp\/v2\/categories?post=36230"},{"taxonomy":"post_tag","embeddable":true,"href":"https:\/\/berlindesignweek.com\/en\/wp-json\/wp\/v2\/tags?post=36230"},{"taxonomy":"art","embeddable":true,"href":"https:\/\/berlindesignweek.com\/en\/wp-json\/wp\/v2\/art?post=36230"},{"taxonomy":"datum","embeddable":true,"href":"https:\/\/berlindesignweek.com\/en\/wp-json\/wp\/v2\/datum?post=36230"},{"taxonomy":"designfeld","embeddable":true,"href":"https:\/\/berlindesignweek.com\/en\/wp-json\/wp\/v2\/designfeld?post=36230"},{"taxonomy":"land","embeddable":true,"href":"https:\/\/berlindesignweek.com\/en\/wp-json\/wp\/v2\/land?post=36230"},{"taxonomy":"location","embeddable":true,"href":"https:\/\/berlindesignweek.com\/en\/wp-json\/wp\/v2\/location?post=36230"},{"taxonomy":"sprache","embeddable":true,"href":"https:\/\/berlindesignweek.com\/en\/wp-json\/wp\/v2\/sprache?post=36230"}],"curies":[{"name":"wp","href":"https:\/\/api.w.org\/{rel}","templated":true}]}}