{"id":38460,"date":"2024-04-16T18:55:57","date_gmt":"2024-04-16T18:55:57","guid":{"rendered":"https:\/\/berlindesignweek.com\/mono-is-the-new-black\/"},"modified":"2024-08-14T14:52:13","modified_gmt":"2024-08-14T14:52:13","slug":"mono-is-the-new-black","status":"publish","type":"post","link":"https:\/\/berlindesignweek.com\/en\/mono-is-the-new-black\/","title":{"rendered":"MONO is the new Black"},"content":{"rendered":"<p>Monospaced-Schriften gehen auf die Schreibmaschine zur\u00fcck und sind charakterisiert durch die Besonderheit der gleichen Breite aller Buchstaben, Ziffern und Zeichen. Mono is the new Black thematisiert Funktion und \u00c4sthetik dieser einzigartigen Schriftenart und besch\u00e4ftigt sich mit dem Kultstatus in der (vor allem) jungen Designszene. Ziel des Handbuches ist es, Typografen, Schriftentwickler, Designer und Kulturinteressierte mit Fakten, Analysen, Expertenpositionen und Praxisbeispielen sowie einer umfassenden Schriftensammlung zu informieren und zu inspirieren.<\/p>\n<p>Beginnend mit einem kulturhistorischen Abriss arbeitet der Autor die schriftgeschichtlichen Aspekte auf und macht deutlich, wie eng verwoben Schrift, technischer Fortschritt und gesellschaftliche Entwicklung sind. Ausgew\u00e4hlte Arbeitsbeispiele, Designer und Agenturen aus der ganzen Welt bilden den Mittelteil, mit einem Fokus auf die vielf\u00e4ltigen Anwendungsm\u00f6glichkeiten. Den Schlussteil bildet ein Schriftkompendium, welches 175 Monospaced-Schriften \u00fcbersichtlich zusammenstellt und dabei deutlich macht, welchem Wandel dieser markante Schrifttyp unterworfen war, von der Maschinenschrift hin zu g\u00e4nzlich digital entwickelten Coding-Fonts.<\/p>\n","protected":false},"excerpt":{"rendered":"<p>KOMMUNIKATIONSDESIGN \/ DIGITAL DESIGN PREISTR\u00c4GER*INNEN<\/p>\n","protected":false},"author":4,"featured_media":38362,"comment_status":"closed","ping_status":"closed","sticky":false,"template":"elementor_theme","format":"standard","meta":{"footnotes":""},"categories":[652],"tags":[714,780],"art":[419],"datum":[565,566,567,568],"designfeld":[596,448,456,449,537],"land":[],"location":[695],"sprache":[],"class_list":["post-38460","post","type-post","status-publish","format-standard","has-post-thumbnail","hentry","category-further","tag-2024-en","tag-dpbb-2024-en","art-exhibition","datum-15-05-en","datum-16-05-en","datum-17-05-en","datum-18-05-en","designfeld-communication-design","designfeld-craft","designfeld-graphic","designfeld-mobility_en","designfeld-product-design","location-peter-behrens-building"],"_links":{"self":[{"href":"https:\/\/berlindesignweek.com\/en\/wp-json\/wp\/v2\/posts\/38460","targetHints":{"allow":["GET"]}}],"collection":[{"href":"https:\/\/berlindesignweek.com\/en\/wp-json\/wp\/v2\/posts"}],"about":[{"href":"https:\/\/berlindesignweek.com\/en\/wp-json\/wp\/v2\/types\/post"}],"author":[{"embeddable":true,"href":"https:\/\/berlindesignweek.com\/en\/wp-json\/wp\/v2\/users\/4"}],"replies":[{"embeddable":true,"href":"https:\/\/berlindesignweek.com\/en\/wp-json\/wp\/v2\/comments?post=38460"}],"version-history":[{"count":0,"href":"https:\/\/berlindesignweek.com\/en\/wp-json\/wp\/v2\/posts\/38460\/revisions"}],"wp:featuredmedia":[{"embeddable":true,"href":"https:\/\/berlindesignweek.com\/en\/wp-json\/wp\/v2\/media\/38362"}],"wp:attachment":[{"href":"https:\/\/berlindesignweek.com\/en\/wp-json\/wp\/v2\/media?parent=38460"}],"wp:term":[{"taxonomy":"category","embeddable":true,"href":"https:\/\/berlindesignweek.com\/en\/wp-json\/wp\/v2\/categories?post=38460"},{"taxonomy":"post_tag","embeddable":true,"href":"https:\/\/berlindesignweek.com\/en\/wp-json\/wp\/v2\/tags?post=38460"},{"taxonomy":"art","embeddable":true,"href":"https:\/\/berlindesignweek.com\/en\/wp-json\/wp\/v2\/art?post=38460"},{"taxonomy":"datum","embeddable":true,"href":"https:\/\/berlindesignweek.com\/en\/wp-json\/wp\/v2\/datum?post=38460"},{"taxonomy":"designfeld","embeddable":true,"href":"https:\/\/berlindesignweek.com\/en\/wp-json\/wp\/v2\/designfeld?post=38460"},{"taxonomy":"land","embeddable":true,"href":"https:\/\/berlindesignweek.com\/en\/wp-json\/wp\/v2\/land?post=38460"},{"taxonomy":"location","embeddable":true,"href":"https:\/\/berlindesignweek.com\/en\/wp-json\/wp\/v2\/location?post=38460"},{"taxonomy":"sprache","embeddable":true,"href":"https:\/\/berlindesignweek.com\/en\/wp-json\/wp\/v2\/sprache?post=38460"}],"curies":[{"name":"wp","href":"https:\/\/api.w.org\/{rel}","templated":true}]}}