{"id":38582,"date":"2024-04-17T17:54:26","date_gmt":"2024-04-17T17:54:26","guid":{"rendered":"https:\/\/berlindesignweek.com\/firestar-synchronizer\/"},"modified":"2024-08-14T14:52:11","modified_gmt":"2024-08-14T14:52:11","slug":"firestar-synchronizer","status":"publish","type":"post","link":"https:\/\/berlindesignweek.com\/en\/firestar-synchronizer\/","title":{"rendered":"Firestar Synchronizer"},"content":{"rendered":"<p>Wir als Gestalter und Hersteller von elektrischen Gitarren und B\u00e4ssen haben unser langj\u00e4hrig existierendes Design der Deimel Firestar Gitarre in einen neuen Kontext gestellt. Die Firestar ist eine elektrische Gitarre die im Kontext der popul\u00e4ren und experimentellen Gitarrenmusik angesiedelt ist. Ihre Erscheinung zitiert vergangene Gestaltungselemente der elektrischen Gitarre aus Mitte bis Ende des letzten Jahrhunderts, vermag jedoch eine Br\u00fccke zu schlagen zwischen diesen historischen Merkmalen und einer Zukunftsvision dieser Instrumentengattung. Sowohl \u00fcber technische Innovationen als auch in der Erscheinung m\u00f6chte die Firestar Synchronizer eine Metaebene erreichen, die MusikerInnen inspirieren soll neue Kl\u00e4nge zu entwickeln, die in der Interaktivit\u00e4t entstehen. Diese Interaktivit\u00e4t wird insbesondere durch die technische Innovation der eingebauten Elektronik erreicht. Es handelt sich hierbei um eine Schnittstelle zwischen elektrischem Gitarrenklang und der Welt der modularen Synthesizer, insbesondere jeglicher Klangsynthese die \u00fcber \u201eControlled Voltage\u201c, kurz CV entsteht. Die Gitarre selbst hat einen eingebauten Oszillator, der unmittelbar auf dem Instrument in Geschwindigkeit und Intensit\u00e4t kontrollierbar ist. Diese Information kann per \u201eCV\u201c als Steuersignal mit externen modularen Synthesizern verbunden werden. Ebenfalls kann die Gitarre jegliche CV-Steuerspannung von diesen Ger\u00e4ten empfangen. Es ist somit m\u00f6glich in unmittelbare Interaktion mit PerformerInnen bis hin zu visuellen Projektionen zu treten, die von der Gitarre synchron gesteuert werden k\u00f6nnen.<\/p>\n","protected":false},"excerpt":{"rendered":"<p>INDUSTRIEDESIGN \/ PRODUKTDESIGN NOMINIERT<\/p>\n","protected":false},"author":1,"featured_media":38517,"comment_status":"closed","ping_status":"closed","sticky":false,"template":"elementor_theme","format":"standard","meta":{"footnotes":""},"categories":[652],"tags":[714,780],"art":[419],"datum":[565,566,567,568],"designfeld":[596,456,535,449,537,450],"land":[],"location":[695],"sprache":[],"class_list":["post-38582","post","type-post","status-publish","format-standard","has-post-thumbnail","hentry","category-further","tag-2024-en","tag-dpbb-2024-en","art-exhibition","datum-15-05-en","datum-16-05-en","datum-17-05-en","datum-18-05-en","designfeld-communication-design","designfeld-graphic","designfeld-material-en","designfeld-mobility_en","designfeld-product-design","designfeld-service-design-en","location-peter-behrens-building"],"_links":{"self":[{"href":"https:\/\/berlindesignweek.com\/en\/wp-json\/wp\/v2\/posts\/38582","targetHints":{"allow":["GET"]}}],"collection":[{"href":"https:\/\/berlindesignweek.com\/en\/wp-json\/wp\/v2\/posts"}],"about":[{"href":"https:\/\/berlindesignweek.com\/en\/wp-json\/wp\/v2\/types\/post"}],"author":[{"embeddable":true,"href":"https:\/\/berlindesignweek.com\/en\/wp-json\/wp\/v2\/users\/1"}],"replies":[{"embeddable":true,"href":"https:\/\/berlindesignweek.com\/en\/wp-json\/wp\/v2\/comments?post=38582"}],"version-history":[{"count":0,"href":"https:\/\/berlindesignweek.com\/en\/wp-json\/wp\/v2\/posts\/38582\/revisions"}],"wp:featuredmedia":[{"embeddable":true,"href":"https:\/\/berlindesignweek.com\/en\/wp-json\/wp\/v2\/media\/38517"}],"wp:attachment":[{"href":"https:\/\/berlindesignweek.com\/en\/wp-json\/wp\/v2\/media?parent=38582"}],"wp:term":[{"taxonomy":"category","embeddable":true,"href":"https:\/\/berlindesignweek.com\/en\/wp-json\/wp\/v2\/categories?post=38582"},{"taxonomy":"post_tag","embeddable":true,"href":"https:\/\/berlindesignweek.com\/en\/wp-json\/wp\/v2\/tags?post=38582"},{"taxonomy":"art","embeddable":true,"href":"https:\/\/berlindesignweek.com\/en\/wp-json\/wp\/v2\/art?post=38582"},{"taxonomy":"datum","embeddable":true,"href":"https:\/\/berlindesignweek.com\/en\/wp-json\/wp\/v2\/datum?post=38582"},{"taxonomy":"designfeld","embeddable":true,"href":"https:\/\/berlindesignweek.com\/en\/wp-json\/wp\/v2\/designfeld?post=38582"},{"taxonomy":"land","embeddable":true,"href":"https:\/\/berlindesignweek.com\/en\/wp-json\/wp\/v2\/land?post=38582"},{"taxonomy":"location","embeddable":true,"href":"https:\/\/berlindesignweek.com\/en\/wp-json\/wp\/v2\/location?post=38582"},{"taxonomy":"sprache","embeddable":true,"href":"https:\/\/berlindesignweek.com\/en\/wp-json\/wp\/v2\/sprache?post=38582"}],"curies":[{"name":"wp","href":"https:\/\/api.w.org\/{rel}","templated":true}]}}