{"id":38584,"date":"2024-04-17T17:54:52","date_gmt":"2024-04-17T17:54:52","guid":{"rendered":"https:\/\/berlindesignweek.com\/verschwundene-ortschaften\/"},"modified":"2024-08-14T14:52:11","modified_gmt":"2024-08-14T14:52:11","slug":"verschwundene-ortschaften","status":"publish","type":"post","link":"https:\/\/berlindesignweek.com\/en\/verschwundene-ortschaften\/","title":{"rendered":"Verschwundene Ortschaften"},"content":{"rendered":"<p>Seit Beginn des 20. Jahrhunderts wurden in Deutschland \u00fcber 300 D\u00f6rfer f\u00fcr den Abbau von Braunkohle zerst\u00f6rt. Viele davon im Rheinland und in der Lausitz. In manchen F\u00e4llen wurden die D\u00f6rfer woanders neu aufgebaut. H\u00e4ufig verschwanden die Orte jedoch auch komplett von der Landkarte. Das Projekt \u201aVerschwundene Ortschaften\u2018 erweckt die D\u00f6rfer in einer interaktiven Kartenvisualisierung wieder zum Leben. Anhand einer Datenstory wird eine Geschichte von Umsiedelung, Zerst\u00f6rung, Klimasch\u00e4den, Zwangsarbeit, aber auch von erfolgreichem Widerstand in der DDR bis zu heutigen Protesten rund um Fridays for Future und Ende Gel\u00e4nde erz\u00e4hlt. Leser*innen k\u00f6nnen sich durch die Geschichte scrollen, oder die Karte selbst erkunden. Da die Koordinaten von vielen abgebaggerten Ortschaften nicht dokumentiert sind und nur die Verortung der zugeh\u00f6rigen Tagebaue bekannt ist, wird ein Grouped-Bubble-Chart als Visualisierung auf der Karte verwendet. Die reduzierte und kontrastreiche Gestaltung greift die \u00c4sthetik des Rohstoffs Kohle auf und unterstreicht die Konflikte die hinter der Geschichte rund um Kohleenergie in Deutschland verborgen liegen. Das Projekt entstand im Studiengang Interfacedesign an der FH Potsdam. Betreut wurde der Kurs von Prof. Dr. Sebastian Meier.<\/p>\n","protected":false},"excerpt":{"rendered":"<p>DIGITAL DESIGN YOUNG PROFESSIONALS NOMINIERT<\/p>\n","protected":false},"author":1,"featured_media":38542,"comment_status":"closed","ping_status":"closed","sticky":false,"template":"elementor_theme","format":"standard","meta":{"footnotes":""},"categories":[652],"tags":[714,780],"art":[419],"datum":[565,566,567,568],"designfeld":[596,456,535,449,537,450],"land":[],"location":[695],"sprache":[],"class_list":["post-38584","post","type-post","status-publish","format-standard","has-post-thumbnail","hentry","category-further","tag-2024-en","tag-dpbb-2024-en","art-exhibition","datum-15-05-en","datum-16-05-en","datum-17-05-en","datum-18-05-en","designfeld-communication-design","designfeld-graphic","designfeld-material-en","designfeld-mobility_en","designfeld-product-design","designfeld-service-design-en","location-peter-behrens-building"],"_links":{"self":[{"href":"https:\/\/berlindesignweek.com\/en\/wp-json\/wp\/v2\/posts\/38584","targetHints":{"allow":["GET"]}}],"collection":[{"href":"https:\/\/berlindesignweek.com\/en\/wp-json\/wp\/v2\/posts"}],"about":[{"href":"https:\/\/berlindesignweek.com\/en\/wp-json\/wp\/v2\/types\/post"}],"author":[{"embeddable":true,"href":"https:\/\/berlindesignweek.com\/en\/wp-json\/wp\/v2\/users\/1"}],"replies":[{"embeddable":true,"href":"https:\/\/berlindesignweek.com\/en\/wp-json\/wp\/v2\/comments?post=38584"}],"version-history":[{"count":0,"href":"https:\/\/berlindesignweek.com\/en\/wp-json\/wp\/v2\/posts\/38584\/revisions"}],"wp:featuredmedia":[{"embeddable":true,"href":"https:\/\/berlindesignweek.com\/en\/wp-json\/wp\/v2\/media\/38542"}],"wp:attachment":[{"href":"https:\/\/berlindesignweek.com\/en\/wp-json\/wp\/v2\/media?parent=38584"}],"wp:term":[{"taxonomy":"category","embeddable":true,"href":"https:\/\/berlindesignweek.com\/en\/wp-json\/wp\/v2\/categories?post=38584"},{"taxonomy":"post_tag","embeddable":true,"href":"https:\/\/berlindesignweek.com\/en\/wp-json\/wp\/v2\/tags?post=38584"},{"taxonomy":"art","embeddable":true,"href":"https:\/\/berlindesignweek.com\/en\/wp-json\/wp\/v2\/art?post=38584"},{"taxonomy":"datum","embeddable":true,"href":"https:\/\/berlindesignweek.com\/en\/wp-json\/wp\/v2\/datum?post=38584"},{"taxonomy":"designfeld","embeddable":true,"href":"https:\/\/berlindesignweek.com\/en\/wp-json\/wp\/v2\/designfeld?post=38584"},{"taxonomy":"land","embeddable":true,"href":"https:\/\/berlindesignweek.com\/en\/wp-json\/wp\/v2\/land?post=38584"},{"taxonomy":"location","embeddable":true,"href":"https:\/\/berlindesignweek.com\/en\/wp-json\/wp\/v2\/location?post=38584"},{"taxonomy":"sprache","embeddable":true,"href":"https:\/\/berlindesignweek.com\/en\/wp-json\/wp\/v2\/sprache?post=38584"}],"curies":[{"name":"wp","href":"https:\/\/api.w.org\/{rel}","templated":true}]}}