{"id":38585,"date":"2024-04-17T17:55:37","date_gmt":"2024-04-17T17:55:37","guid":{"rendered":"https:\/\/berlindesignweek.com\/boob-talk\/"},"modified":"2024-08-14T14:52:10","modified_gmt":"2024-08-14T14:52:10","slug":"boob-talk","status":"publish","type":"post","link":"https:\/\/berlindesignweek.com\/en\/boob-talk\/","title":{"rendered":"Boob Talk"},"content":{"rendered":"<p>BOOB TALK ist ein modulares, b\u00fcgelloses BH-Design f\u00fcr gro\u00dfe Br\u00fcste, das Komfort, \u00c4sthetik und Halt vereint. Entwickelt auf der Basis einer umfassenden Nutzerinnenstudie, ersetzt er den herk\u00f6mmlichen Metallb\u00fcgel durch textile St\u00fctzstrukturen, die mittels Stricktechnologie und 3D-Druck direkt in das BH-Gestrick integriert werden. Der BH zeichnet sich durch seine modulare Schnittkonstruktion aus, die es erm\u00f6glicht, individuelle BHs nach dem Baukastenprinzip zusammenzustellen. Er besteht aus zwei Teilen, die vorne \u00fcber ein verstellbares Verbindungsst\u00fcck miteinander verbunden sind und so in der Weite angepasst werden k\u00f6nnen. Dadurch ist er f\u00fcr Frauen mit unterschiedlichen Brustgr\u00f6\u00dfen und -formen geeignet-auch f\u00fcr Frauen mit asymmetrischen Br\u00fcsten. Ein Merkmal des BHs ist seine flexible Gr\u00f6\u00dfenanpassung. Er verf\u00fcgt \u00fcber eine Teilung auf der R\u00fcckseite, mit der die Unterbrustweite unabh\u00e4ngig von der Cup-Gr\u00f6\u00dfe eingestellt werden kann. Dies ist besonders hilfreich f\u00fcr Frauen mit schmalem Oberk\u00f6rper und gro\u00dfer Brust. Der BH verf\u00fcgt \u00fcber neuartige Verschlusselemente, die eine bessere Weitenregulierung erm\u00f6glichen und \u00fcber den standardisierten H\u00e4kchenverschluss hinausgehen. Die Verschl\u00fcsse sind direkt in das Material integriert und wurden im Rahmen der Masterarbeit entwickelt. BOOB TALK wurde in Zusammenarbeit mit dem Smart Textiles Hub und dem Textile Prototyping Lab entwickelt und durch den Frauenf\u00f6rderfonds der FH Potsdam unterst\u00fctzt. Derzeit wird das Projekt im Designer in Lab 2023 in Kooperation mit dem Fraunhofer Institut ISC zu einem funktionsf<\/p>\n","protected":false},"excerpt":{"rendered":"<p>PRODUKTDESIGN YOUNG PROFESSIONALS NOMINIERT<\/p>\n","protected":false},"author":1,"featured_media":38527,"comment_status":"closed","ping_status":"closed","sticky":false,"template":"elementor_theme","format":"standard","meta":{"footnotes":""},"categories":[652],"tags":[714,780],"art":[419],"datum":[565,566,567,568],"designfeld":[596,456,535,449,537,450],"land":[],"location":[695],"sprache":[],"class_list":["post-38585","post","type-post","status-publish","format-standard","has-post-thumbnail","hentry","category-further","tag-2024-en","tag-dpbb-2024-en","art-exhibition","datum-15-05-en","datum-16-05-en","datum-17-05-en","datum-18-05-en","designfeld-communication-design","designfeld-graphic","designfeld-material-en","designfeld-mobility_en","designfeld-product-design","designfeld-service-design-en","location-peter-behrens-building"],"_links":{"self":[{"href":"https:\/\/berlindesignweek.com\/en\/wp-json\/wp\/v2\/posts\/38585","targetHints":{"allow":["GET"]}}],"collection":[{"href":"https:\/\/berlindesignweek.com\/en\/wp-json\/wp\/v2\/posts"}],"about":[{"href":"https:\/\/berlindesignweek.com\/en\/wp-json\/wp\/v2\/types\/post"}],"author":[{"embeddable":true,"href":"https:\/\/berlindesignweek.com\/en\/wp-json\/wp\/v2\/users\/1"}],"replies":[{"embeddable":true,"href":"https:\/\/berlindesignweek.com\/en\/wp-json\/wp\/v2\/comments?post=38585"}],"version-history":[{"count":0,"href":"https:\/\/berlindesignweek.com\/en\/wp-json\/wp\/v2\/posts\/38585\/revisions"}],"wp:featuredmedia":[{"embeddable":true,"href":"https:\/\/berlindesignweek.com\/en\/wp-json\/wp\/v2\/media\/38527"}],"wp:attachment":[{"href":"https:\/\/berlindesignweek.com\/en\/wp-json\/wp\/v2\/media?parent=38585"}],"wp:term":[{"taxonomy":"category","embeddable":true,"href":"https:\/\/berlindesignweek.com\/en\/wp-json\/wp\/v2\/categories?post=38585"},{"taxonomy":"post_tag","embeddable":true,"href":"https:\/\/berlindesignweek.com\/en\/wp-json\/wp\/v2\/tags?post=38585"},{"taxonomy":"art","embeddable":true,"href":"https:\/\/berlindesignweek.com\/en\/wp-json\/wp\/v2\/art?post=38585"},{"taxonomy":"datum","embeddable":true,"href":"https:\/\/berlindesignweek.com\/en\/wp-json\/wp\/v2\/datum?post=38585"},{"taxonomy":"designfeld","embeddable":true,"href":"https:\/\/berlindesignweek.com\/en\/wp-json\/wp\/v2\/designfeld?post=38585"},{"taxonomy":"land","embeddable":true,"href":"https:\/\/berlindesignweek.com\/en\/wp-json\/wp\/v2\/land?post=38585"},{"taxonomy":"location","embeddable":true,"href":"https:\/\/berlindesignweek.com\/en\/wp-json\/wp\/v2\/location?post=38585"},{"taxonomy":"sprache","embeddable":true,"href":"https:\/\/berlindesignweek.com\/en\/wp-json\/wp\/v2\/sprache?post=38585"}],"curies":[{"name":"wp","href":"https:\/\/api.w.org\/{rel}","templated":true}]}}