{"id":38593,"date":"2024-04-18T13:37:57","date_gmt":"2024-04-18T13:37:57","guid":{"rendered":"https:\/\/berlindesignweek.com\/?p=38593"},"modified":"2024-08-14T09:49:13","modified_gmt":"2024-08-14T09:49:13","slug":"felix-mueller","status":"publish","type":"post","link":"https:\/\/berlindesignweek.com\/en\/felix-mueller\/","title":{"rendered":"Felix M\u00fcller"},"content":{"rendered":"<p>Felix M\u00fcller widmet sich der Entwicklung von blau-gr\u00fcner Infrastruktur an st\u00e4dtischen Geb\u00e4uden und verkn\u00fcpft diese Konzepte mit innovativen Formen der Gemeinschaftsinteraktion. Dabei ist die Re-Interpretation von R\u00e4umen und Fl\u00e4chen in verdichteten Umgebungen stets von zentraler Bedeutung, um einen Mehrwert f\u00fcr das gesamte Leben zu schaffen. Die enge Zusammenarbeit mit verschiedenen Interessengruppen wird durch die Anwendung von Systemdenken erweitert und f\u00f6rdert kooperative L\u00f6sungsans\u00e4tze.<\/p>\n","protected":false},"excerpt":{"rendered":"<p>Alumni Master System Design, HTW Berlin<\/p>\n","protected":false},"author":1,"featured_media":38591,"comment_status":"closed","ping_status":"closed","sticky":false,"template":"elementor_theme","format":"standard","meta":{"footnotes":""},"categories":[756],"tags":[714],"art":[556],"datum":[],"designfeld":[440,458],"land":[],"location":[695],"sprache":[509],"class_list":["post-38593","post","type-post","status-publish","format-standard","has-post-thumbnail","hentry","category-design-science-en","tag-2024-en","art-speaker-en","designfeld-architecture","designfeld-science-research","location-peter-behrens-building","sprache-de"],"_links":{"self":[{"href":"https:\/\/berlindesignweek.com\/en\/wp-json\/wp\/v2\/posts\/38593","targetHints":{"allow":["GET"]}}],"collection":[{"href":"https:\/\/berlindesignweek.com\/en\/wp-json\/wp\/v2\/posts"}],"about":[{"href":"https:\/\/berlindesignweek.com\/en\/wp-json\/wp\/v2\/types\/post"}],"author":[{"embeddable":true,"href":"https:\/\/berlindesignweek.com\/en\/wp-json\/wp\/v2\/users\/1"}],"replies":[{"embeddable":true,"href":"https:\/\/berlindesignweek.com\/en\/wp-json\/wp\/v2\/comments?post=38593"}],"version-history":[{"count":0,"href":"https:\/\/berlindesignweek.com\/en\/wp-json\/wp\/v2\/posts\/38593\/revisions"}],"wp:featuredmedia":[{"embeddable":true,"href":"https:\/\/berlindesignweek.com\/en\/wp-json\/wp\/v2\/media\/38591"}],"wp:attachment":[{"href":"https:\/\/berlindesignweek.com\/en\/wp-json\/wp\/v2\/media?parent=38593"}],"wp:term":[{"taxonomy":"category","embeddable":true,"href":"https:\/\/berlindesignweek.com\/en\/wp-json\/wp\/v2\/categories?post=38593"},{"taxonomy":"post_tag","embeddable":true,"href":"https:\/\/berlindesignweek.com\/en\/wp-json\/wp\/v2\/tags?post=38593"},{"taxonomy":"art","embeddable":true,"href":"https:\/\/berlindesignweek.com\/en\/wp-json\/wp\/v2\/art?post=38593"},{"taxonomy":"datum","embeddable":true,"href":"https:\/\/berlindesignweek.com\/en\/wp-json\/wp\/v2\/datum?post=38593"},{"taxonomy":"designfeld","embeddable":true,"href":"https:\/\/berlindesignweek.com\/en\/wp-json\/wp\/v2\/designfeld?post=38593"},{"taxonomy":"land","embeddable":true,"href":"https:\/\/berlindesignweek.com\/en\/wp-json\/wp\/v2\/land?post=38593"},{"taxonomy":"location","embeddable":true,"href":"https:\/\/berlindesignweek.com\/en\/wp-json\/wp\/v2\/location?post=38593"},{"taxonomy":"sprache","embeddable":true,"href":"https:\/\/berlindesignweek.com\/en\/wp-json\/wp\/v2\/sprache?post=38593"}],"curies":[{"name":"wp","href":"https:\/\/api.w.org\/{rel}","templated":true}]}}