{"id":38701,"date":"2024-04-20T09:26:06","date_gmt":"2024-04-20T09:26:06","guid":{"rendered":"https:\/\/berlindesignweek.com\/imagine-coral-reef\/"},"modified":"2024-06-11T12:37:51","modified_gmt":"2024-06-11T12:37:51","slug":"imagine-coral-reef","status":"publish","type":"post","link":"https:\/\/berlindesignweek.com\/en\/imagine-coral-reef\/","title":{"rendered":"IMAGINE: Coral Reef"},"content":{"rendered":"<p>Die experimentelle Designausstellung \u201eImagine: Coral Reef. Regeneratives Design\u201c sucht nach einer neuen Orientierung f\u00fcr Design in einer von zahlreichen Krisen gepr\u00e4gten Welt. Als Metapher dienen die komplexen \u00d6kosysteme der Korallen, in denen eine faszinierende Artenvielfalt herrscht. Diese \u201eRegenw\u00e4lder der Meere\u201c werden durch den vom Menschen verursachten Klimawandel zunehmend belastet, so dass sie in naher Zukunft zu verschwinden drohen.<\/p>\n<p>\u201eImagine: Coral Reef. Regeneratives Design\u201c versucht, die Logik der Natur auf Designprozesse zu \u00fcbertragen und damit Leitlinien f\u00fcr regeneratives Design zu etablieren. Ziel dieses Ausstellungsprojekts ist es, M\u00f6glichkeitsr\u00e4ume aufzuzeigen, die uns von einer extraktiven, degenerativen hin zu einer Kultur f\u00fchren, in der wir uns als Teil der Natur sehen und ihre kreativen Prinzipien teilen.<\/p>\n<p>Die Ausstellung schafft einen immersiven Raum, in dem Makrokorallen, basierend auf dem Open Design des Projekts \u201cCrochet Coral Reef\u201d von Christine und Margaret Wertheim (Institute for Figuring), auf die Korallenbleiche verweisen, die das Absterben der Korallen signalisiert. Das Korallenriff ist mit einer Auswahl von Objekten bev\u00f6lkert, die Kernthemen regenerativer Gestaltungsprinzipien auf der Grundlage von Andreas Webers Text &#8220;Enlivenment&#8221; repr\u00e4sentieren. Die Exponate dienen als Impulsgeber, um \u00fcber die m\u00f6gliche Rolle von Design bei der Gestaltung regenerativer Zuk\u00fcnfte nachzudenken.<\/p>\n<p>Die Ausstellung ist eine Kooperation zwischen EOOS und dem Institute of Design Research Vienna.<br \/>\nDas Bueronardin ist verantwortlich f\u00fcr die grafische Gestaltung.<\/p>\n<p>Kostenfrei am Muaeumssonntag, 05.05.2024 11:15 Uhr &#8211; 12:15 Uhr: Zusammen mit der Kuratorin Dr. Claudia Banz entdecken Sie die Ausstellung Imagine. Coral Reef. Sie erfahren mehr \u00fcber die Idee eine neue Wunderkammer zu gestalten.<\/p>\n<p>Kostenfreie Tickets sind online buchbar unter\u00a0<a href=\"https:\/\/shop.museumssonntag.berlin\/\">www.museumssonntag.berlin<\/a>\u00a0oder an den Museumskassen erh\u00e4ltlich. Es kann zu l\u00e4ngeren Wartezeiten kommen.<\/p>\n<p>Die Tickets gelten auch f\u00fcr die Ausstellung <a href=\"https:\/\/berlindesignweek.com\/en\/?page_id=36407\">NEXT<\/a>.<\/p>\n","protected":false},"excerpt":{"rendered":"<p>Regeneratives Design<\/p>\n","protected":false},"author":1,"featured_media":38696,"comment_status":"closed","ping_status":"open","sticky":false,"template":"","format":"standard","meta":{"footnotes":""},"categories":[652],"tags":[714,786],"art":[419],"datum":[565,566,567,568],"designfeld":[442,455,458],"land":[],"location":[],"sprache":[],"class_list":["post-38701","post","type-post","status-publish","format-standard","has-post-thumbnail","hentry","category-further","tag-2024-en","tag-off-site-2024-en","art-exhibition","datum-15-05-en","datum-16-05-en","datum-17-05-en","datum-18-05-en","designfeld-circular","designfeld-user-experience-design","designfeld-science-research"],"_links":{"self":[{"href":"https:\/\/berlindesignweek.com\/en\/wp-json\/wp\/v2\/posts\/38701","targetHints":{"allow":["GET"]}}],"collection":[{"href":"https:\/\/berlindesignweek.com\/en\/wp-json\/wp\/v2\/posts"}],"about":[{"href":"https:\/\/berlindesignweek.com\/en\/wp-json\/wp\/v2\/types\/post"}],"author":[{"embeddable":true,"href":"https:\/\/berlindesignweek.com\/en\/wp-json\/wp\/v2\/users\/1"}],"replies":[{"embeddable":true,"href":"https:\/\/berlindesignweek.com\/en\/wp-json\/wp\/v2\/comments?post=38701"}],"version-history":[{"count":0,"href":"https:\/\/berlindesignweek.com\/en\/wp-json\/wp\/v2\/posts\/38701\/revisions"}],"wp:featuredmedia":[{"embeddable":true,"href":"https:\/\/berlindesignweek.com\/en\/wp-json\/wp\/v2\/media\/38696"}],"wp:attachment":[{"href":"https:\/\/berlindesignweek.com\/en\/wp-json\/wp\/v2\/media?parent=38701"}],"wp:term":[{"taxonomy":"category","embeddable":true,"href":"https:\/\/berlindesignweek.com\/en\/wp-json\/wp\/v2\/categories?post=38701"},{"taxonomy":"post_tag","embeddable":true,"href":"https:\/\/berlindesignweek.com\/en\/wp-json\/wp\/v2\/tags?post=38701"},{"taxonomy":"art","embeddable":true,"href":"https:\/\/berlindesignweek.com\/en\/wp-json\/wp\/v2\/art?post=38701"},{"taxonomy":"datum","embeddable":true,"href":"https:\/\/berlindesignweek.com\/en\/wp-json\/wp\/v2\/datum?post=38701"},{"taxonomy":"designfeld","embeddable":true,"href":"https:\/\/berlindesignweek.com\/en\/wp-json\/wp\/v2\/designfeld?post=38701"},{"taxonomy":"land","embeddable":true,"href":"https:\/\/berlindesignweek.com\/en\/wp-json\/wp\/v2\/land?post=38701"},{"taxonomy":"location","embeddable":true,"href":"https:\/\/berlindesignweek.com\/en\/wp-json\/wp\/v2\/location?post=38701"},{"taxonomy":"sprache","embeddable":true,"href":"https:\/\/berlindesignweek.com\/en\/wp-json\/wp\/v2\/sprache?post=38701"}],"curies":[{"name":"wp","href":"https:\/\/api.w.org\/{rel}","templated":true}]}}