{"id":44538,"date":"2025-03-27T13:58:35","date_gmt":"2025-03-27T13:58:35","guid":{"rendered":"https:\/\/berlindesignweek.com\/smeg-at-berlinrodeo-lab\/"},"modified":"2025-03-27T13:58:35","modified_gmt":"2025-03-27T13:58:35","slug":"smeg-at-berlinrodeo-lab","status":"publish","type":"post","link":"https:\/\/berlindesignweek.com\/en\/smeg-at-berlinrodeo-lab\/","title":{"rendered":"Smeg at BERLINRODEO [lab]"},"content":{"rendered":"<p>Das Besondere im Alltag kreieren, starke Linien und kr\u00e4ftige Farben harmonisch vereinen: Als Ikone des \u201eDesign made in Italy\u201c zeigt Smeg im BERLINRODEO[lab] wie das gelingen kann. Der Ansatz, mit Kontrasten die Grenzen des Tradierten zu \u00fcberschreiten, ist f\u00fcr Smeg nichts Neues. Denn das Unternehmen ist mit seinen ausgefallenen Farbnuancen und der einzigartigen Formensprache schon seit langem eine feste Gr\u00f6\u00dfe der internationalen Designszene.   <\/p>\n<p>In den letzten Jahrzehnten schrieb das Familienunternehmen immer wieder Designgeschichte. Am Stammsitz im norditalienischen Guastalla entstehen die Entw\u00fcrfe f\u00fcr die ikonischen Hausger\u00e4te von Smeg \u2013 allen voran die inzwischen zur Stilikone avancierten Retro-K\u00fchlschr\u00e4nke FAB28. Deren Erfolgsgeschichte nahm 1997 ihren Anfang. Heute gibt es sie in \u00fcber 20 Farbvarianten und Sondereditionen. Immer wieder arbeitet Smeg auch mit f\u00fchrenden Architekten, Designern und Modeikonen wie Dolce &amp; Gabbana zusammen, sei es f\u00fcr seine Kleinger\u00e4teserie oder die Designlinien der Einbauger\u00e4te.     <\/p>\n<p>Der Name Smeg steht f\u00fcr &#8220;Smalterie Metallurgiche Emiliane Guastalla&#8221;, was auf die fr\u00fchen Urspr\u00fcnge als Emaille- und Metallverarbeitungsbetrieb hinweist. Das ist inzwischen \u00fcber 75 Jahre her. Heute hat das Familienunternehmen \u00fcber 2.600 Mitarbeiter in 21 Niederlassungen weltweit.  <\/p>\n","protected":false},"excerpt":{"rendered":"<p>Atomic Red vs. Psychedelic Blue.<\/p>\n","protected":false},"author":1,"featured_media":44539,"comment_status":"closed","ping_status":"closed","sticky":false,"template":"","format":"standard","meta":{"footnotes":""},"categories":[758],"tags":[765,796],"art":[],"datum":[565],"designfeld":[537],"land":[],"location":[802],"sprache":[],"class_list":["post-44538","post","type-post","status-publish","format-standard","has-post-thumbnail","hentry","category-bdn-en","tag-2025-en","tag-design-nights-en","datum-15-05-en","designfeld-product-design","location-satellites"],"_links":{"self":[{"href":"https:\/\/berlindesignweek.com\/en\/wp-json\/wp\/v2\/posts\/44538","targetHints":{"allow":["GET"]}}],"collection":[{"href":"https:\/\/berlindesignweek.com\/en\/wp-json\/wp\/v2\/posts"}],"about":[{"href":"https:\/\/berlindesignweek.com\/en\/wp-json\/wp\/v2\/types\/post"}],"author":[{"embeddable":true,"href":"https:\/\/berlindesignweek.com\/en\/wp-json\/wp\/v2\/users\/1"}],"replies":[{"embeddable":true,"href":"https:\/\/berlindesignweek.com\/en\/wp-json\/wp\/v2\/comments?post=44538"}],"version-history":[{"count":0,"href":"https:\/\/berlindesignweek.com\/en\/wp-json\/wp\/v2\/posts\/44538\/revisions"}],"wp:featuredmedia":[{"embeddable":true,"href":"https:\/\/berlindesignweek.com\/en\/wp-json\/wp\/v2\/media\/44539"}],"wp:attachment":[{"href":"https:\/\/berlindesignweek.com\/en\/wp-json\/wp\/v2\/media?parent=44538"}],"wp:term":[{"taxonomy":"category","embeddable":true,"href":"https:\/\/berlindesignweek.com\/en\/wp-json\/wp\/v2\/categories?post=44538"},{"taxonomy":"post_tag","embeddable":true,"href":"https:\/\/berlindesignweek.com\/en\/wp-json\/wp\/v2\/tags?post=44538"},{"taxonomy":"art","embeddable":true,"href":"https:\/\/berlindesignweek.com\/en\/wp-json\/wp\/v2\/art?post=44538"},{"taxonomy":"datum","embeddable":true,"href":"https:\/\/berlindesignweek.com\/en\/wp-json\/wp\/v2\/datum?post=44538"},{"taxonomy":"designfeld","embeddable":true,"href":"https:\/\/berlindesignweek.com\/en\/wp-json\/wp\/v2\/designfeld?post=44538"},{"taxonomy":"land","embeddable":true,"href":"https:\/\/berlindesignweek.com\/en\/wp-json\/wp\/v2\/land?post=44538"},{"taxonomy":"location","embeddable":true,"href":"https:\/\/berlindesignweek.com\/en\/wp-json\/wp\/v2\/location?post=44538"},{"taxonomy":"sprache","embeddable":true,"href":"https:\/\/berlindesignweek.com\/en\/wp-json\/wp\/v2\/sprache?post=44538"}],"curies":[{"name":"wp","href":"https:\/\/api.w.org\/{rel}","templated":true}]}}